
{"id":12188,"date":"2019-07-05T15:14:27","date_gmt":"2019-07-05T13:14:27","guid":{"rendered":"https:\/\/www.lpalaw.com\/?p=12188"},"modified":"2019-07-05T15:16:00","modified_gmt":"2019-07-05T13:16:00","slug":"lpa-cgr-avocats-appoints-3-new-partners","status":"publish","type":"post","link":"https:\/\/www.lpalaw.com\/en\/lpa-cgr-avocats-appoints-3-new-partners\/","title":{"rendered":"LPA-CGR avocats appoints 3 new partners"},"content":{"rendered":"<h2><strong>LPA-CGR avocats appoints 3 new partners <\/strong><\/h2>\n<p><strong>LPA-CGR avocats is pleased to announce the appointment of Sophie Marinier (Labour), Alexandre de Konn (White Collar Crime) and of Mathieu Selva-Roudon (Tax) as partners, with effect from 1<sup>st<\/sup> July 2019. With these new appointments, the Firm now consists of 42 partners.<\/strong><\/p>\n<p>&nbsp;<\/p>\n<p><strong><a href=\"https:\/\/www.lpalaw.com\/en\/team\/sophie-marinier\/\" target=\"_blank\" rel=\"noopener noreferrer\">Sophie Marinier<\/a>,<\/strong> holding a specialization certificate in labour law, practices in all areas of employment and labour law (e.g., individual and collective relations, restructuring, litigations, audits) and primarily assists pharmaceutical, banking and retail companies.<\/p>\n<p>With the support of LPA-CGR avocats\u2019 12 foreign offices and of its network of business partners referred to as \u201cbest friends\u201d, Sophie has acquired in-depth knowledge of the handling and management of international cases including without limitation, mobility and harassment issues in cross-border situations. Sophie also provides support to managers in connection with compensation optimization issues.<\/p>\n<p>Holding a Master 2 degree in labour law (Paris II, 2005), she started at EY Law Firm in 2006, joined Latham &amp; Watkins three years later and eventually, joined LPA-CGR avocats in 2010.<\/p>\n<p>The firm&#8217;s labour practice is now composed of about fifteen lawyers, including five partners.<\/p>\n<p>* * * *<\/p>\n<p><a href=\"https:\/\/www.lpalaw.com\/en\/team\/alexandre-de-konn\/\" target=\"_blank\" rel=\"noopener noreferrer\"><strong>Alexandre de Konn<\/strong><\/a> specializes in white-collar crime and press law. His practice encompasses every aspect of the criminal liability of managers and companies, and Alexandre works closely with the other practices of the firm (e.g., real estate, labour, environment, energy, etc.).<\/p>\n<p>Alexandre has developed special expertise in real estate criminal law and as such, participated in a series of sensitive trials such as, the Apure\u2019s improper claims case or the Xynthia storm case which pertains to the impact of the storm on the city of La Faute-sur-Mer, and publicized two reference books entitled \u201cCriminal offences in building operation\u201d (<em>Les infractions p\u00e9nales dans les op\u00e9rations de construction<\/em>) (Lamy, 2014) and \u201cThe criminal risk inherent in real estate transactions\u201d (<em>Le risque p\u00e9nal dans les op\u00e9rations immobili\u00e8res<\/em>) (Le Moniteur, 2009). In addition, he has extensive experience in managing serious accidents at work.<\/p>\n<p>Alexandre also actively assists companies when it comes to the prevention of criminal risk (e.g., whether through audits, Sapin II compliance programs, training sessions, power delegations, etc.).<\/p>\n<p>Alexandre has been an attorney since 2001 and joined the firm in 2002 where he was an associate and thereafter, became a counsel. He graduated at Paris II and holds a certificate in criminal specialisation (2009).<\/p>\n<p>* * * *<\/p>\n<p><a href=\"https:\/\/www.lpalaw.com\/en\/team\/mathieu-selva-roudon\/\" target=\"_blank\" rel=\"noopener noreferrer\"><strong>Mathieu Selva-Roudon<\/strong><\/a> assists companies, their founders and\/or managers with every tax aspect of national and cross-border transactions (e.g., tax structuring of merger\/acquisitions, taxation issues in connection with the sale or reorganisation of companies, venture and growth capital transactions), and with the taxation of fund flows (e.g., transfer pricing, taxation of intangible assets and innovation).<\/p>\n<p>Mathieu has also developed deep expertise in complex and\/or high-stakes tax proceedings (e.g., assisting companies and managers with tax audits, amicable dispute resolution, litigations before the tax judge).<\/p>\n<p>Mathieu joined the firm in 2011 after having been an associate for 6 years at Mazars. Mathieu is a member of the IACF and is listed in the International Tax Review as one of the Tax Controversy Leaders in France.<\/p>\n<p>The firm&#8217;s tax practice now includes some fifteen lawyers among whom five partners.<\/p>\n<p>&nbsp;<\/p>\n<p>For <a href=\"https:\/\/www.lpalaw.com\/en\/team\/sidonie-fraiche-dupeyrat\/\" target=\"_blank\" rel=\"noopener noreferrer\">Sidonie Fraiche-Dupeyrat<\/a>, partner and CEO of the firm: \u201c<em>These appointments are another illustration of the firm&#8217;s dynamism and of its continued growth and pursued ambition to support its clients in a comprehensive manner, with top level expertise. The practices developed by these three partners are best practices, closely tied to our clients&#8217; business concerns for a broadened service offer. We are proud of LPA-CGR avocats&#8217; ability to support the career of its associates and nurture young talent.<\/em>\u201d<\/p>\n","protected":false},"excerpt":{"rendered":"<p>LPA-CGR avocats appoints 3 new partners LPA-CGR avocats is pleased to announce the appointment of Sophie Marinier (Labour), Alexandre de Konn (White Collar Crime) and of Mathieu Selva-Roudon (Tax) as partners, with effect from 1st July 2019. With these new appointments, the Firm now consists of 42 partners. &nbsp; Sophie Marinier, holding a specialization certificate [&hellip;]<\/p>\n","protected":false},"author":16,"featured_media":0,"comment_status":"closed","ping_status":"closed","sticky":false,"template":"","format":"standard","meta":{"_acf_changed":false,"footnotes":""},"categories":[81],"tags":[],"class_list":["post-12188","post","type-post","status-publish","format-standard","hentry","category-news","cat-savoir-faire-dispute-resolution","cat-savoir-faire-employment","cat-savoir-faire-tax"],"acf":[],"yoast_head":"<!-- This site is optimized with the Yoast SEO Premium plugin v21.9 (Yoast SEO v27.4) - https:\/\/yoast.com\/product\/yoast-seo-premium-wordpress\/ -->\n<title>LPA-CGR avocats appoints 3 new partners - Business Lawyers | LPA Law Avocats<\/title>\n<meta name=\"description\" content=\"LPA-CGR avocats appoints 3 new partners LPA-CGR avocats is pleased to announce the appointment of Sophie Marinier (Labour), Alexandre de Konn (White\" \/>\n<meta name=\"robots\" content=\"index, follow, max-snippet:-1, max-image-preview:large, max-video-preview:-1\" \/>\n<link rel=\"canonical\" href=\"https:\/\/www.lpalaw.com\/en\/lpa-cgr-avocats-appoints-3-new-partners\/\" \/>\n<meta property=\"og:locale\" content=\"en_US\" \/>\n<meta property=\"og:type\" content=\"article\" \/>\n<meta property=\"og:title\" content=\"LPA-CGR avocats appoints 3 new partners\" \/>\n<meta property=\"og:description\" content=\"LPA-CGR avocats appoints 3 new partners LPA-CGR avocats is pleased to announce the appointment of Sophie Marinier (Labour), Alexandre de Konn (White\" \/>\n<meta property=\"og:url\" content=\"https:\/\/www.lpalaw.com\/en\/lpa-cgr-avocats-appoints-3-new-partners\/\" \/>\n<meta property=\"og:site_name\" content=\"Business Lawyers | LPA Law Avocats\" \/>\n<meta property=\"article:published_time\" content=\"2019-07-05T13:14:27+00:00\" \/>\n<meta property=\"article:modified_time\" content=\"2019-07-05T13:16:00+00:00\" \/>\n<meta name=\"author\" content=\"Eva Komar\" \/>\n<meta name=\"twitter:card\" content=\"summary_large_image\" \/>\n<meta name=\"twitter:creator\" content=\"@lpalaw\" \/>\n<meta name=\"twitter:site\" content=\"@lpalaw\" \/>\n<meta name=\"twitter:label1\" content=\"Written by\" \/>\n\t<meta name=\"twitter:data1\" content=\"Eva Komar\" \/>\n\t<meta name=\"twitter:label2\" content=\"Est. reading time\" \/>\n\t<meta name=\"twitter:data2\" content=\"3 minutes\" \/>\n<script type=\"application\/ld+json\" class=\"yoast-schema-graph\">{\"@context\":\"https:\\\/\\\/schema.org\",\"@graph\":[{\"@type\":\"Article\",\"@id\":\"https:\\\/\\\/www.lpalaw.com\\\/en\\\/lpa-cgr-avocats-appoints-3-new-partners\\\/#article\",\"isPartOf\":{\"@id\":\"https:\\\/\\\/www.lpalaw.com\\\/en\\\/lpa-cgr-avocats-appoints-3-new-partners\\\/\"},\"author\":{\"name\":\"Eva Komar\",\"@id\":\"https:\\\/\\\/www.lpalaw.com\\\/#\\\/schema\\\/person\\\/67509c7daf80ae841b9c4df2150e8931\"},\"headline\":\"LPA-CGR avocats appoints 3 new partners\",\"datePublished\":\"2019-07-05T13:14:27+00:00\",\"dateModified\":\"2019-07-05T13:16:00+00:00\",\"mainEntityOfPage\":{\"@id\":\"https:\\\/\\\/www.lpalaw.com\\\/en\\\/lpa-cgr-avocats-appoints-3-new-partners\\\/\"},\"wordCount\":607,\"publisher\":{\"@id\":\"https:\\\/\\\/www.lpalaw.com\\\/#organization\"},\"articleSection\":[\"News\"],\"inLanguage\":\"en-US\"},{\"@type\":\"WebPage\",\"@id\":\"https:\\\/\\\/www.lpalaw.com\\\/en\\\/lpa-cgr-avocats-appoints-3-new-partners\\\/\",\"url\":\"https:\\\/\\\/www.lpalaw.com\\\/en\\\/lpa-cgr-avocats-appoints-3-new-partners\\\/\",\"name\":\"LPA-CGR avocats appoints 3 new partners - Business Lawyers | LPA Law Avocats\",\"isPartOf\":{\"@id\":\"https:\\\/\\\/www.lpalaw.com\\\/#website\"},\"datePublished\":\"2019-07-05T13:14:27+00:00\",\"dateModified\":\"2019-07-05T13:16:00+00:00\",\"description\":\"LPA-CGR avocats appoints 3 new partners LPA-CGR avocats is pleased to announce the appointment of Sophie Marinier (Labour), Alexandre de Konn (White\",\"breadcrumb\":{\"@id\":\"https:\\\/\\\/www.lpalaw.com\\\/en\\\/lpa-cgr-avocats-appoints-3-new-partners\\\/#breadcrumb\"},\"inLanguage\":\"en-US\",\"potentialAction\":[{\"@type\":\"ReadAction\",\"target\":[\"https:\\\/\\\/www.lpalaw.com\\\/en\\\/lpa-cgr-avocats-appoints-3-new-partners\\\/\"]}]},{\"@type\":\"BreadcrumbList\",\"@id\":\"https:\\\/\\\/www.lpalaw.com\\\/en\\\/lpa-cgr-avocats-appoints-3-new-partners\\\/#breadcrumb\",\"itemListElement\":[{\"@type\":\"ListItem\",\"position\":1,\"name\":\"Accueil\",\"item\":\"https:\\\/\\\/www.lpalaw.com\\\/en\\\/\"},{\"@type\":\"ListItem\",\"position\":2,\"name\":\"News\",\"item\":\"https:\\\/\\\/www.lpalaw.com\\\/en\\\/actus\\\/news\\\/\"},{\"@type\":\"ListItem\",\"position\":3,\"name\":\"LPA-CGR avocats appoints 3 new partners\"}]},{\"@type\":\"WebSite\",\"@id\":\"https:\\\/\\\/www.lpalaw.com\\\/#website\",\"url\":\"https:\\\/\\\/www.lpalaw.com\\\/\",\"name\":\"Avocats d\u2019affaires | LPA Law\",\"description\":\"Business Lawyers\",\"publisher\":{\"@id\":\"https:\\\/\\\/www.lpalaw.com\\\/#organization\"},\"potentialAction\":[{\"@type\":\"SearchAction\",\"target\":{\"@type\":\"EntryPoint\",\"urlTemplate\":\"https:\\\/\\\/www.lpalaw.com\\\/?s={search_term_string}\"},\"query-input\":{\"@type\":\"PropertyValueSpecification\",\"valueRequired\":true,\"valueName\":\"search_term_string\"}}],\"inLanguage\":\"en-US\"},{\"@type\":\"Organization\",\"@id\":\"https:\\\/\\\/www.lpalaw.com\\\/#organization\",\"name\":\"LPA Law\",\"url\":\"https:\\\/\\\/www.lpalaw.com\\\/\",\"logo\":{\"@type\":\"ImageObject\",\"inLanguage\":\"en-US\",\"@id\":\"https:\\\/\\\/www.lpalaw.com\\\/#\\\/schema\\\/logo\\\/image\\\/\",\"url\":\"https:\\\/\\\/www.lpalaw.com\\\/wp-content\\\/uploads\\\/2019\\\/03\\\/lpa.png\",\"contentUrl\":\"https:\\\/\\\/www.lpalaw.com\\\/wp-content\\\/uploads\\\/2019\\\/03\\\/lpa.png\",\"width\":130,\"height\":101,\"caption\":\"LPA Law\"},\"image\":{\"@id\":\"https:\\\/\\\/www.lpalaw.com\\\/#\\\/schema\\\/logo\\\/image\\\/\"},\"sameAs\":[\"https:\\\/\\\/x.com\\\/lpalaw\",\"https:\\\/\\\/www.linkedin.com\\\/company\\\/lpa-cgr-avocats\\\/\"]},{\"@type\":\"Person\",\"@id\":\"https:\\\/\\\/www.lpalaw.com\\\/#\\\/schema\\\/person\\\/67509c7daf80ae841b9c4df2150e8931\",\"name\":\"Eva Komar\",\"image\":{\"@type\":\"ImageObject\",\"inLanguage\":\"en-US\",\"@id\":\"https:\\\/\\\/secure.gravatar.com\\\/avatar\\\/6b5cbedf2f330ceeec7c7278de873c73279266dd46ef1e30a7abd97eb4cdc06e?s=96&d=mm&r=g\",\"url\":\"https:\\\/\\\/secure.gravatar.com\\\/avatar\\\/6b5cbedf2f330ceeec7c7278de873c73279266dd46ef1e30a7abd97eb4cdc06e?s=96&d=mm&r=g\",\"contentUrl\":\"https:\\\/\\\/secure.gravatar.com\\\/avatar\\\/6b5cbedf2f330ceeec7c7278de873c73279266dd46ef1e30a7abd97eb4cdc06e?s=96&d=mm&r=g\",\"caption\":\"Eva Komar\"},\"url\":\"https:\\\/\\\/www.lpalaw.com\\\/en\\\/author\\\/eva-komar\\\/\"}]}<\/script>\n<!-- \/ Yoast SEO Premium plugin. -->","yoast_head_json":{"title":"LPA-CGR avocats appoints 3 new partners - Business Lawyers | LPA Law Avocats","description":"LPA-CGR avocats appoints 3 new partners LPA-CGR avocats is pleased to announce the appointment of Sophie Marinier (Labour), Alexandre de Konn (White","robots":{"index":"index","follow":"follow","max-snippet":"max-snippet:-1","max-image-preview":"max-image-preview:large","max-video-preview":"max-video-preview:-1"},"canonical":"https:\/\/www.lpalaw.com\/en\/lpa-cgr-avocats-appoints-3-new-partners\/","og_locale":"en_US","og_type":"article","og_title":"LPA-CGR avocats appoints 3 new partners","og_description":"LPA-CGR avocats appoints 3 new partners LPA-CGR avocats is pleased to announce the appointment of Sophie Marinier (Labour), Alexandre de Konn (White","og_url":"https:\/\/www.lpalaw.com\/en\/lpa-cgr-avocats-appoints-3-new-partners\/","og_site_name":"Business Lawyers | LPA Law Avocats","article_published_time":"2019-07-05T13:14:27+00:00","article_modified_time":"2019-07-05T13:16:00+00:00","author":"Eva Komar","twitter_card":"summary_large_image","twitter_creator":"@lpalaw","twitter_site":"@lpalaw","twitter_misc":{"Written by":"Eva Komar","Est. reading time":"3 minutes"},"schema":{"@context":"https:\/\/schema.org","@graph":[{"@type":"Article","@id":"https:\/\/www.lpalaw.com\/en\/lpa-cgr-avocats-appoints-3-new-partners\/#article","isPartOf":{"@id":"https:\/\/www.lpalaw.com\/en\/lpa-cgr-avocats-appoints-3-new-partners\/"},"author":{"name":"Eva Komar","@id":"https:\/\/www.lpalaw.com\/#\/schema\/person\/67509c7daf80ae841b9c4df2150e8931"},"headline":"LPA-CGR avocats appoints 3 new partners","datePublished":"2019-07-05T13:14:27+00:00","dateModified":"2019-07-05T13:16:00+00:00","mainEntityOfPage":{"@id":"https:\/\/www.lpalaw.com\/en\/lpa-cgr-avocats-appoints-3-new-partners\/"},"wordCount":607,"publisher":{"@id":"https:\/\/www.lpalaw.com\/#organization"},"articleSection":["News"],"inLanguage":"en-US"},{"@type":"WebPage","@id":"https:\/\/www.lpalaw.com\/en\/lpa-cgr-avocats-appoints-3-new-partners\/","url":"https:\/\/www.lpalaw.com\/en\/lpa-cgr-avocats-appoints-3-new-partners\/","name":"LPA-CGR avocats appoints 3 new partners - Business Lawyers | LPA Law Avocats","isPartOf":{"@id":"https:\/\/www.lpalaw.com\/#website"},"datePublished":"2019-07-05T13:14:27+00:00","dateModified":"2019-07-05T13:16:00+00:00","description":"LPA-CGR avocats appoints 3 new partners LPA-CGR avocats is pleased to announce the appointment of Sophie Marinier (Labour), Alexandre de Konn (White","breadcrumb":{"@id":"https:\/\/www.lpalaw.com\/en\/lpa-cgr-avocats-appoints-3-new-partners\/#breadcrumb"},"inLanguage":"en-US","potentialAction":[{"@type":"ReadAction","target":["https:\/\/www.lpalaw.com\/en\/lpa-cgr-avocats-appoints-3-new-partners\/"]}]},{"@type":"BreadcrumbList","@id":"https:\/\/www.lpalaw.com\/en\/lpa-cgr-avocats-appoints-3-new-partners\/#breadcrumb","itemListElement":[{"@type":"ListItem","position":1,"name":"Accueil","item":"https:\/\/www.lpalaw.com\/en\/"},{"@type":"ListItem","position":2,"name":"News","item":"https:\/\/www.lpalaw.com\/en\/actus\/news\/"},{"@type":"ListItem","position":3,"name":"LPA-CGR avocats appoints 3 new partners"}]},{"@type":"WebSite","@id":"https:\/\/www.lpalaw.com\/#website","url":"https:\/\/www.lpalaw.com\/","name":"Avocats d\u2019affaires | LPA Law","description":"Business Lawyers","publisher":{"@id":"https:\/\/www.lpalaw.com\/#organization"},"potentialAction":[{"@type":"SearchAction","target":{"@type":"EntryPoint","urlTemplate":"https:\/\/www.lpalaw.com\/?s={search_term_string}"},"query-input":{"@type":"PropertyValueSpecification","valueRequired":true,"valueName":"search_term_string"}}],"inLanguage":"en-US"},{"@type":"Organization","@id":"https:\/\/www.lpalaw.com\/#organization","name":"LPA Law","url":"https:\/\/www.lpalaw.com\/","logo":{"@type":"ImageObject","inLanguage":"en-US","@id":"https:\/\/www.lpalaw.com\/#\/schema\/logo\/image\/","url":"https:\/\/www.lpalaw.com\/wp-content\/uploads\/2019\/03\/lpa.png","contentUrl":"https:\/\/www.lpalaw.com\/wp-content\/uploads\/2019\/03\/lpa.png","width":130,"height":101,"caption":"LPA Law"},"image":{"@id":"https:\/\/www.lpalaw.com\/#\/schema\/logo\/image\/"},"sameAs":["https:\/\/x.com\/lpalaw","https:\/\/www.linkedin.com\/company\/lpa-cgr-avocats\/"]},{"@type":"Person","@id":"https:\/\/www.lpalaw.com\/#\/schema\/person\/67509c7daf80ae841b9c4df2150e8931","name":"Eva Komar","image":{"@type":"ImageObject","inLanguage":"en-US","@id":"https:\/\/secure.gravatar.com\/avatar\/6b5cbedf2f330ceeec7c7278de873c73279266dd46ef1e30a7abd97eb4cdc06e?s=96&d=mm&r=g","url":"https:\/\/secure.gravatar.com\/avatar\/6b5cbedf2f330ceeec7c7278de873c73279266dd46ef1e30a7abd97eb4cdc06e?s=96&d=mm&r=g","contentUrl":"https:\/\/secure.gravatar.com\/avatar\/6b5cbedf2f330ceeec7c7278de873c73279266dd46ef1e30a7abd97eb4cdc06e?s=96&d=mm&r=g","caption":"Eva Komar"},"url":"https:\/\/www.lpalaw.com\/en\/author\/eva-komar\/"}]}},"_links":{"self":[{"href":"https:\/\/www.lpalaw.com\/en\/wp-json\/wp\/v2\/posts\/12188","targetHints":{"allow":["GET"]}}],"collection":[{"href":"https:\/\/www.lpalaw.com\/en\/wp-json\/wp\/v2\/posts"}],"about":[{"href":"https:\/\/www.lpalaw.com\/en\/wp-json\/wp\/v2\/types\/post"}],"author":[{"embeddable":true,"href":"https:\/\/www.lpalaw.com\/en\/wp-json\/wp\/v2\/users\/16"}],"replies":[{"embeddable":true,"href":"https:\/\/www.lpalaw.com\/en\/wp-json\/wp\/v2\/comments?post=12188"}],"version-history":[{"count":3,"href":"https:\/\/www.lpalaw.com\/en\/wp-json\/wp\/v2\/posts\/12188\/revisions"}],"predecessor-version":[{"id":12191,"href":"https:\/\/www.lpalaw.com\/en\/wp-json\/wp\/v2\/posts\/12188\/revisions\/12191"}],"wp:attachment":[{"href":"https:\/\/www.lpalaw.com\/en\/wp-json\/wp\/v2\/media?parent=12188"}],"wp:term":[{"taxonomy":"category","embeddable":true,"href":"https:\/\/www.lpalaw.com\/en\/wp-json\/wp\/v2\/categories?post=12188"},{"taxonomy":"post_tag","embeddable":true,"href":"https:\/\/www.lpalaw.com\/en\/wp-json\/wp\/v2\/tags?post=12188"}],"curies":[{"name":"wp","href":"https:\/\/api.w.org\/{rel}","templated":true}]}}